{"id":4931,"date":"2023-11-08T18:22:09","date_gmt":"2023-11-08T18:22:09","guid":{"rendered":"https:\/\/2bfree.org\/2023\/11\/amikor-megerkeztem-hollandiaba-elvettek-az-utlevelemet-es-a-telefonomat\/"},"modified":"2025-02-24T19:22:31","modified_gmt":"2025-02-24T19:22:31","slug":"amikor-megerkeztem-hollandiaba-elvettek-az-utlevelemet-es-a-telefonomat","status":"publish","type":"post","link":"https:\/\/2bfree.org\/hu\/2023\/11\/amikor-megerkeztem-hollandiaba-elvettek-az-utlevelemet-es-a-telefonomat\/","title":{"rendered":"&#8222;Amikor meg\u00e9rkeztem Hollandi\u00e1ba, elvett\u00e9k az \u00fatlevelemet \u00e9s a telefonomat&#8230;&#8221;"},"content":{"rendered":"<p style=\"font-weight: 400;\"><strong>Miryam egykor \u00e1pol\u00f3n\u0151k\u00e9nt dolgozott egy nagyv\u00e1ros nagy k\u00f3rh\u00e1z\u00e1ban. N\u0151k\u00e9nt sosem volt biztons\u00e1gban, de legal\u00e1bb a p\u00e9nz\u00fcgyei megvoltak. Eg\u00e9szen addig, am\u00edg el nem vesz\u00edtette a munk\u00e1j\u00e1t. Miryam* (23) embercsemp\u00e9szek kez\u00e9be ker\u00fclt. Olvassa el meghat\u00f3 t\u00f6rt\u00e9net\u00e9t itt.<\/strong><\/p>\n<p style=\"font-weight: 400;\">Miryam akkor j\u00f6tt Hollandi\u00e1ba, amikor egy munkat\u00e1rsa megh\u00edvta. Hollandia sokkal jobb lenne, mint a haz\u00e1ja. Miryam k\u00e9t k\u00e9zzel ragadta meg a lehet\u0151s\u00e9get: &#8222;Amikor meg\u00e9rkeztem Hollandi\u00e1ba, egy sz\u00e1llod\u00e1ba vittek. Elvett\u00e9k az \u00fatlevelemet \u00e9s a telefonomat&#8221;.<\/p>\n<h4><strong>Rep\u00fcl\u00e9s<\/strong><\/h4>\n<p style=\"font-weight: 400;\">Miryam sz\u00e1m\u00e1ra a nyomor\u00fas\u00e1g ott kezd\u0151d\u00f6tt. A 2bfree-nek k\u00f6sz\u00f6nhet\u0151en v\u00e9g\u00fcl siker\u00fclt elmenek\u00fclnie. &#8222;2bfree az oka annak, hogy m\u00e9g mindig el tudom (\u00fajra)mes\u00e9lni a t\u00f6rt\u00e9netemet. Az ok, ami\u00e9rt m\u00e9g mindig \u00e9lek, \u00e9s ami\u00e9rt van okom \u00fajra \u00e9lni.&#8221;<\/p>\n<p style=\"font-weight: 400;\">Miryam elmes\u00e9li, hogyan kellett prostitu\u00e1ltk\u00e9nt dolgoznia a sz\u00e1llod\u00e1ban. &#8222;Nem akartam ezt, de k\u00e9nyszer\u00edtettek, b\u00e1ntalmaztak \u00e9s megfenyegettek. Azt mondt\u00e1k, hogy meg\u00f6lnek engem \u00e9s a csal\u00e1domat, ha nem teszem meg, amit k\u00e9rnek t\u0151lem. Egy id\u0151 ut\u00e1n siker\u00fclt felh\u00edvnom a rend\u0151rs\u00e9get egy \u00fcgyf\u00e9l telefonj\u00e1n kereszt\u00fcl, aki seg\u00edteni akart nekem&#8221;.<\/p>\n<h4><strong>Megmentett<\/strong><\/h4>\n<p style=\"font-weight: 400;\">Ennek eml\u00e9k\u00e9t\u0151l m\u00e9g mindig megborzong. &#8222;Annyira megijedtem! K\u00f6r\u00fclbel\u00fcl 15 perccel k\u00e9s\u0151bb meg\u00e9rkezett a rend\u0151rs\u00e9g, \u00e9s razzi\u00e1t tartott a sz\u00e1llod\u00e1ban. Ezut\u00e1n tov\u00e1bbi razzi\u00e1kat tartottak, mivel a sz\u00e1lloda m\u00e1s szob\u00e1iban t\u00f6bb l\u00e1nyt is fogva tartottak.&#8221;<\/p>\n<p style=\"font-weight: 400;\">A sok traumatikus esem\u00e9ny miatt Miryam pszich\u00f3zisba ker\u00fclt. Nem maradhatott az emberkereskedelem \u00e1ldozatai sz\u00e1m\u00e1ra fenntartott otthonban vagy mened\u00e9khelyen, mert akkoriban vesz\u00e9lyt jelentett \u00f6nmag\u00e1ra \u00e9s a k\u00f6r\u00fcl\u00f6tte l\u00e9v\u0151kre.<\/p>\n<h2>&#8222;Hogy \u00fajra f\u00fcggetlen n\u0151 lehetek, aki a saj\u00e1t l\u00e1b\u00e1n \u00e1ll. Err\u0151l sosem \u00e1lmodtam.&#8221;<\/h2>\n<p>\t\t\t\t\t\t\t\t\t\t\t\t\t<img fetchpriority=\"high\" decoding=\"async\" width=\"800\" height=\"534\" src=\"https:\/\/2bfree.org\/wp-content\/uploads\/2023\/11\/Alternatieve_persoon-1024x683.jpg\" alt=\"\" srcset=\"https:\/\/2bfree.org\/wp-content\/uploads\/2023\/11\/Alternatieve_persoon-1024x683.jpg 1024w, https:\/\/2bfree.org\/wp-content\/uploads\/2023\/11\/Alternatieve_persoon-300x200.jpg 300w, https:\/\/2bfree.org\/wp-content\/uploads\/2023\/11\/Alternatieve_persoon-768x512.jpg 768w, https:\/\/2bfree.org\/wp-content\/uploads\/2023\/11\/Alternatieve_persoon-1536x1024.jpg 1536w, https:\/\/2bfree.org\/wp-content\/uploads\/2023\/11\/Alternatieve_persoon-2048x1366.jpg 2048w\" sizes=\"(max-width: 800px) 100vw, 800px\">\t\t\t\t\t\t\t\t\t\t\t\t\t<\/p>\n<h4>Jobb \u00e9let<\/h4>\n<p style=\"font-weight: 400;\">A 2bfree-i Gusta elmondja, hogyan l\u00e9pett vele kapcsolatba a rend\u0151rs\u00e9g. &#8222;Megk\u00e9rdezt\u00e9k t\u0151lem, hogy befogadn\u00e1nk-e \u0151t. Im\u00e1dkoztunk \u00e9rte, \u00e9s nem kellett sok\u00e1ig gondolkodnunk. Nem volt hov\u00e1 mennie. Biztons\u00e1gos k\u00f6rnyezetet biztos\u00edtottunk Miryamnak, \u00e9s egy\u00fcttm\u0171k\u00f6dt\u00fcnk a ment\u00e1lhigi\u00e9n\u00e9s szolg\u00e1latokkal. Miryam hamarosan otthon \u00e9rezte mag\u00e1t, \u00e9s azzal, hogy extra figyelmet ford\u00edtottunk arra, amit \u0151 maga is fontosnak tartott, l\u00e1ttuk, hogy felvir\u00e1gzik.&#8221;<\/p>\n<p style=\"font-weight: 400;\">Miryam azt mondja: &#8222;A 2bfree seg\u00edtett nekem a folyamatban itt Hollandi\u00e1ban. P\u00e9ld\u00e1ul seg\u00edtenek a beilleszked\u00e9sben \u00e9s finansz\u00edroznak n\u00e9h\u00e1ny tanulm\u00e1nyt. Annyira sz\u00e9p, amit csin\u00e1lnak! A vil\u00e1g minden t\u00e1j\u00e1r\u00f3l \u00e9rkez\u0151 embereknek seg\u00edtenek tan\u00e1csokkal, ruh\u00e1kkal \u00e9s \u00e9lelemmel. A 2bfree-nek k\u00f6sz\u00f6nhet\u0151en siker\u00fclt jobb \u00e9letet \u00e9p\u00edtenem. Egy olyan \u00e9letet, ahol \u00fajra van perspekt\u00edv\u00e1m, \u00e9s tal\u00e1n felfedezhetem, mi a c\u00e9lom.&#8221;<\/p>\n<h4><strong>\u00c1lmok<\/strong><\/h4>\n<p style=\"font-weight: 400;\">Miryam azt mondja: &#8222;Mennyire h\u00e1l\u00e1s vagyok a 2bfree-nek, ami\u00e9rt az \u00e9letemet a helyes \u00fatra terelte. Ez lehet\u0151v\u00e9 tette sz\u00e1momra azt is, hogy elv\u00e9gezzek egy k\u00f6r\u00f6mstylist tanfolyamot. V\u00e9g\u00fcl ez lehet\u0151v\u00e9 teszi, hogy hamarosan saj\u00e1t v\u00e1llalkoz\u00e1sba kezdjek. Hogy f\u00fcggetlen n\u0151 legyek, aki a saj\u00e1t l\u00e1b\u00e1n \u00e1ll. Err\u0151l soha nem mertem volna \u00e1lmodni.&#8221;<\/p>\n<h4><strong>Boldogs\u00e1g<\/strong><\/h4>\n<p style=\"font-weight: 400;\">Miryam v\u00e9gre \u00fajra boldog, mondja. &#8222;Annak ellen\u00e9re, hogy s\u00falyos traum\u00e1m van, sokkal jobban vagyok, mint az elej\u00e9n. A ment\u00e1lhigi\u00e9n\u00e9s szolg\u00e1latokkal konzult\u00e1lva m\u00e9g a gy\u00f3gyszereimet is cs\u00f6kkentem. Boldog vagyok a 2bfree-vel \u00e9s a k\u00f6r\u00fcl\u00f6ttem l\u00e9v\u0151 emberekkel. \u00daj bar\u00e1tokat szereztem, \u00e9s most egy biztons\u00e1gos mened\u00e9khelyr\u0151l dolgozom a j\u00f6v\u0151m\u00e9rt. Tudom, hogy ez j\u00f3 \u00e9s j\u00f3 lesz. Ez t\u00e9nyleg seg\u00edt nekem abban, hogy most \u00e9ljem az \u00e9letemet, \u00e9s tov\u00e1bbl\u00e9pjek mindazok ut\u00e1n, ami t\u00f6rt\u00e9nt.&#8221;<\/p>\n<h2>* T\u00e9nyek alapj\u00e1n: a n\u0151k t\u00f6rt\u00e9nete(i). N\u00e9h\u00e1ny t\u00e9ny, (hely)n\u00e9v, d\u00e1tum \u00e9s egy\u00e9b r\u00e9szlet kital\u00e1lt, a n\u0151k v\u00e9delme \u00e9rdek\u00e9ben, mivel m\u00e9g mindig vesz\u00e9lyben vannak.<\/h2>\n","protected":false},"excerpt":{"rendered":"<p>Miryam egykor \u00e1pol\u00f3n\u0151k\u00e9nt dolgozott egy nagyv\u00e1ros nagy k\u00f3rh\u00e1z\u00e1ban. N\u0151k\u00e9nt sosem volt biztons\u00e1gban, de legal\u00e1bb a p\u00e9nz\u00fcgyei megvoltak. Eg\u00e9szen addig, am\u00edg el nem vesz\u00edtette a munk\u00e1j\u00e1t. Miryam* (23) embercsemp\u00e9szek kez\u00e9be ker\u00fclt. Olvassa el meghat\u00f3 t\u00f6rt\u00e9net\u00e9t itt. Miryam akkor j\u00f6tt Hollandi\u00e1ba, amikor egy munkat\u00e1rsa megh\u00edvta. Hollandia sokkal jobb lenne, mint a haz\u00e1ja. Miryam k\u00e9t k\u00e9zzel ragadta meg [&hellip;]<\/p>\n","protected":false},"author":2,"featured_media":5987,"comment_status":"closed","ping_status":"closed","sticky":false,"template":"","format":"standard","meta":{"footnotes":""},"categories":[72],"tags":[66,73,59],"class_list":["post-4931","post","type-post","status-publish","format-standard","has-post-thumbnail","hentry","category-tortenetek","tag-apolas","tag-menedek","tag-surgossegi-segely"],"yoast_head":"<!-- This site is optimized with the Yoast SEO plugin v27.5 - https:\/\/yoast.com\/product\/yoast-seo-wordpress\/ -->\n<title>&quot;Amikor meg\u00e9rkeztem Hollandi\u00e1ba, elvett\u00e9k az \u00fatlevelemet \u00e9s a telefonomat...&quot; - 2bfree<\/title>\n<meta name=\"robots\" content=\"index, follow, max-snippet:-1, max-image-preview:large, max-video-preview:-1\" \/>\n<link rel=\"canonical\" href=\"https:\/\/2bfree.org\/hu\/2023\/11\/amikor-megerkeztem-hollandiaba-elvettek-az-utlevelemet-es-a-telefonomat\/\" \/>\n<meta property=\"og:locale\" content=\"hu_HU\" \/>\n<meta property=\"og:type\" content=\"article\" \/>\n<meta property=\"og:title\" content=\"&quot;Amikor meg\u00e9rkeztem Hollandi\u00e1ba, elvett\u00e9k az \u00fatlevelemet \u00e9s a telefonomat...&quot; - 2bfree\" \/>\n<meta property=\"og:description\" content=\"Miryam egykor \u00e1pol\u00f3n\u0151k\u00e9nt dolgozott egy nagyv\u00e1ros nagy k\u00f3rh\u00e1z\u00e1ban. N\u0151k\u00e9nt sosem volt biztons\u00e1gban, de legal\u00e1bb a p\u00e9nz\u00fcgyei megvoltak. Eg\u00e9szen addig, am\u00edg el nem vesz\u00edtette a munk\u00e1j\u00e1t. Miryam* (23) embercsemp\u00e9szek kez\u00e9be ker\u00fclt. Olvassa el meghat\u00f3 t\u00f6rt\u00e9net\u00e9t itt. Miryam akkor j\u00f6tt Hollandi\u00e1ba, amikor egy munkat\u00e1rsa megh\u00edvta. Hollandia sokkal jobb lenne, mint a haz\u00e1ja. Miryam k\u00e9t k\u00e9zzel ragadta meg [&hellip;]\" \/>\n<meta property=\"og:url\" content=\"https:\/\/2bfree.org\/hu\/2023\/11\/amikor-megerkeztem-hollandiaba-elvettek-az-utlevelemet-es-a-telefonomat\/\" \/>\n<meta property=\"og:site_name\" content=\"2bfree\" \/>\n<meta property=\"article:published_time\" content=\"2023-11-08T18:22:09+00:00\" \/>\n<meta property=\"article:modified_time\" content=\"2025-02-24T19:22:31+00:00\" \/>\n<meta property=\"og:image\" content=\"https:\/\/2bfree.org\/wp-content\/uploads\/2023\/11\/2bfree_header_artikel.jpg\" \/>\n\t<meta property=\"og:image:width\" content=\"1920\" \/>\n\t<meta property=\"og:image:height\" content=\"1080\" \/>\n\t<meta property=\"og:image:type\" content=\"image\/jpeg\" \/>\n<meta name=\"author\" content=\"Sjoukje Dijkstra\" \/>\n<meta name=\"twitter:card\" content=\"summary_large_image\" \/>\n<meta name=\"twitter:label1\" content=\"Szerz\u0151:\" \/>\n\t<meta name=\"twitter:data1\" content=\"Sjoukje Dijkstra\" \/>\n\t<meta name=\"twitter:label2\" content=\"Becs\u00fclt olvas\u00e1si id\u0151\" \/>\n\t<meta name=\"twitter:data2\" content=\"4 perc\" \/>\n<script type=\"application\/ld+json\" class=\"yoast-schema-graph\">{\"@context\":\"https:\\\/\\\/schema.org\",\"@graph\":[{\"@type\":\"Article\",\"@id\":\"https:\\\/\\\/2bfree.org\\\/hu\\\/2023\\\/11\\\/amikor-megerkeztem-hollandiaba-elvettek-az-utlevelemet-es-a-telefonomat\\\/#article\",\"isPartOf\":{\"@id\":\"https:\\\/\\\/2bfree.org\\\/hu\\\/2023\\\/11\\\/amikor-megerkeztem-hollandiaba-elvettek-az-utlevelemet-es-a-telefonomat\\\/\"},\"author\":{\"name\":\"Sjoukje Dijkstra\",\"@id\":\"https:\\\/\\\/2bfree.org\\\/hu\\\/#\\\/schema\\\/person\\\/6d5bb8079f92915c881464ffad135fdb\"},\"headline\":\"&#8222;Amikor meg\u00e9rkeztem Hollandi\u00e1ba, elvett\u00e9k az \u00fatlevelemet \u00e9s a telefonomat&#8230;&#8221;\",\"datePublished\":\"2023-11-08T18:22:09+00:00\",\"dateModified\":\"2025-02-24T19:22:31+00:00\",\"mainEntityOfPage\":{\"@id\":\"https:\\\/\\\/2bfree.org\\\/hu\\\/2023\\\/11\\\/amikor-megerkeztem-hollandiaba-elvettek-az-utlevelemet-es-a-telefonomat\\\/\"},\"wordCount\":737,\"publisher\":{\"@id\":\"https:\\\/\\\/2bfree.org\\\/hu\\\/#organization\"},\"image\":{\"@id\":\"https:\\\/\\\/2bfree.org\\\/hu\\\/2023\\\/11\\\/amikor-megerkeztem-hollandiaba-elvettek-az-utlevelemet-es-a-telefonomat\\\/#primaryimage\"},\"thumbnailUrl\":\"https:\\\/\\\/2bfree.org\\\/wp-content\\\/uploads\\\/2023\\\/11\\\/2bfree_header_artikel.jpg\",\"keywords\":[\"\u00e1pol\u00e1s\",\"mened\u00e9k\",\"s\u00fcrg\u0151ss\u00e9gi seg\u00e9ly\"],\"articleSection\":[\"T\u00f6rt\u00e9netek\"],\"inLanguage\":\"hu\"},{\"@type\":\"WebPage\",\"@id\":\"https:\\\/\\\/2bfree.org\\\/hu\\\/2023\\\/11\\\/amikor-megerkeztem-hollandiaba-elvettek-az-utlevelemet-es-a-telefonomat\\\/\",\"url\":\"https:\\\/\\\/2bfree.org\\\/hu\\\/2023\\\/11\\\/amikor-megerkeztem-hollandiaba-elvettek-az-utlevelemet-es-a-telefonomat\\\/\",\"name\":\"\\\"Amikor meg\u00e9rkeztem Hollandi\u00e1ba, elvett\u00e9k az \u00fatlevelemet \u00e9s a telefonomat...\\\" - 2bfree\",\"isPartOf\":{\"@id\":\"https:\\\/\\\/2bfree.org\\\/hu\\\/#website\"},\"primaryImageOfPage\":{\"@id\":\"https:\\\/\\\/2bfree.org\\\/hu\\\/2023\\\/11\\\/amikor-megerkeztem-hollandiaba-elvettek-az-utlevelemet-es-a-telefonomat\\\/#primaryimage\"},\"image\":{\"@id\":\"https:\\\/\\\/2bfree.org\\\/hu\\\/2023\\\/11\\\/amikor-megerkeztem-hollandiaba-elvettek-az-utlevelemet-es-a-telefonomat\\\/#primaryimage\"},\"thumbnailUrl\":\"https:\\\/\\\/2bfree.org\\\/wp-content\\\/uploads\\\/2023\\\/11\\\/2bfree_header_artikel.jpg\",\"datePublished\":\"2023-11-08T18:22:09+00:00\",\"dateModified\":\"2025-02-24T19:22:31+00:00\",\"breadcrumb\":{\"@id\":\"https:\\\/\\\/2bfree.org\\\/hu\\\/2023\\\/11\\\/amikor-megerkeztem-hollandiaba-elvettek-az-utlevelemet-es-a-telefonomat\\\/#breadcrumb\"},\"inLanguage\":\"hu\",\"potentialAction\":[{\"@type\":\"ReadAction\",\"target\":[\"https:\\\/\\\/2bfree.org\\\/hu\\\/2023\\\/11\\\/amikor-megerkeztem-hollandiaba-elvettek-az-utlevelemet-es-a-telefonomat\\\/\"]}]},{\"@type\":\"ImageObject\",\"inLanguage\":\"hu\",\"@id\":\"https:\\\/\\\/2bfree.org\\\/hu\\\/2023\\\/11\\\/amikor-megerkeztem-hollandiaba-elvettek-az-utlevelemet-es-a-telefonomat\\\/#primaryimage\",\"url\":\"https:\\\/\\\/2bfree.org\\\/wp-content\\\/uploads\\\/2023\\\/11\\\/2bfree_header_artikel.jpg\",\"contentUrl\":\"https:\\\/\\\/2bfree.org\\\/wp-content\\\/uploads\\\/2023\\\/11\\\/2bfree_header_artikel.jpg\",\"width\":1920,\"height\":1080},{\"@type\":\"BreadcrumbList\",\"@id\":\"https:\\\/\\\/2bfree.org\\\/hu\\\/2023\\\/11\\\/amikor-megerkeztem-hollandiaba-elvettek-az-utlevelemet-es-a-telefonomat\\\/#breadcrumb\",\"itemListElement\":[{\"@type\":\"ListItem\",\"position\":1,\"name\":\"Home\",\"item\":\"https:\\\/\\\/2bfree.org\\\/hu\\\/\"},{\"@type\":\"ListItem\",\"position\":2,\"name\":\"&#8222;Amikor meg\u00e9rkeztem Hollandi\u00e1ba, elvett\u00e9k az \u00fatlevelemet \u00e9s a telefonomat&#8230;&#8221;\"}]},{\"@type\":\"WebSite\",\"@id\":\"https:\\\/\\\/2bfree.org\\\/hu\\\/#website\",\"url\":\"https:\\\/\\\/2bfree.org\\\/hu\\\/\",\"name\":\"2bfree\",\"description\":\"\",\"publisher\":{\"@id\":\"https:\\\/\\\/2bfree.org\\\/hu\\\/#organization\"},\"potentialAction\":[{\"@type\":\"SearchAction\",\"target\":{\"@type\":\"EntryPoint\",\"urlTemplate\":\"https:\\\/\\\/2bfree.org\\\/hu\\\/?s={search_term_string}\"},\"query-input\":{\"@type\":\"PropertyValueSpecification\",\"valueRequired\":true,\"valueName\":\"search_term_string\"}}],\"inLanguage\":\"hu\"},{\"@type\":\"Organization\",\"@id\":\"https:\\\/\\\/2bfree.org\\\/hu\\\/#organization\",\"name\":\"2bfree\",\"url\":\"https:\\\/\\\/2bfree.org\\\/hu\\\/\",\"logo\":{\"@type\":\"ImageObject\",\"inLanguage\":\"hu\",\"@id\":\"https:\\\/\\\/2bfree.org\\\/hu\\\/#\\\/schema\\\/logo\\\/image\\\/\",\"url\":\"https:\\\/\\\/2bfree.org\\\/wp-content\\\/uploads\\\/2023\\\/12\\\/2bfree_header_mobile_Facebook_Insta_profiel.png\",\"contentUrl\":\"https:\\\/\\\/2bfree.org\\\/wp-content\\\/uploads\\\/2023\\\/12\\\/2bfree_header_mobile_Facebook_Insta_profiel.png\",\"width\":170,\"height\":170,\"caption\":\"2bfree\"},\"image\":{\"@id\":\"https:\\\/\\\/2bfree.org\\\/hu\\\/#\\\/schema\\\/logo\\\/image\\\/\"}},{\"@type\":\"Person\",\"@id\":\"https:\\\/\\\/2bfree.org\\\/hu\\\/#\\\/schema\\\/person\\\/6d5bb8079f92915c881464ffad135fdb\",\"name\":\"Sjoukje Dijkstra\",\"image\":{\"@type\":\"ImageObject\",\"inLanguage\":\"hu\",\"@id\":\"https:\\\/\\\/secure.gravatar.com\\\/avatar\\\/6d5177df8958bcdb48f61ded21b96e4ad6696c454f1090c1ed65d998af4766fa?s=96&d=mm&r=g\",\"url\":\"https:\\\/\\\/secure.gravatar.com\\\/avatar\\\/6d5177df8958bcdb48f61ded21b96e4ad6696c454f1090c1ed65d998af4766fa?s=96&d=mm&r=g\",\"contentUrl\":\"https:\\\/\\\/secure.gravatar.com\\\/avatar\\\/6d5177df8958bcdb48f61ded21b96e4ad6696c454f1090c1ed65d998af4766fa?s=96&d=mm&r=g\",\"caption\":\"Sjoukje Dijkstra\"},\"url\":\"https:\\\/\\\/2bfree.org\\\/hu\\\/author\\\/sjoukje\\\/\"}]}<\/script>\n<!-- \/ Yoast SEO plugin. -->","yoast_head_json":{"title":"\"Amikor meg\u00e9rkeztem Hollandi\u00e1ba, elvett\u00e9k az \u00fatlevelemet \u00e9s a telefonomat...\" - 2bfree","robots":{"index":"index","follow":"follow","max-snippet":"max-snippet:-1","max-image-preview":"max-image-preview:large","max-video-preview":"max-video-preview:-1"},"canonical":"https:\/\/2bfree.org\/hu\/2023\/11\/amikor-megerkeztem-hollandiaba-elvettek-az-utlevelemet-es-a-telefonomat\/","og_locale":"hu_HU","og_type":"article","og_title":"\"Amikor meg\u00e9rkeztem Hollandi\u00e1ba, elvett\u00e9k az \u00fatlevelemet \u00e9s a telefonomat...\" - 2bfree","og_description":"Miryam egykor \u00e1pol\u00f3n\u0151k\u00e9nt dolgozott egy nagyv\u00e1ros nagy k\u00f3rh\u00e1z\u00e1ban. N\u0151k\u00e9nt sosem volt biztons\u00e1gban, de legal\u00e1bb a p\u00e9nz\u00fcgyei megvoltak. Eg\u00e9szen addig, am\u00edg el nem vesz\u00edtette a munk\u00e1j\u00e1t. Miryam* (23) embercsemp\u00e9szek kez\u00e9be ker\u00fclt. Olvassa el meghat\u00f3 t\u00f6rt\u00e9net\u00e9t itt. Miryam akkor j\u00f6tt Hollandi\u00e1ba, amikor egy munkat\u00e1rsa megh\u00edvta. Hollandia sokkal jobb lenne, mint a haz\u00e1ja. Miryam k\u00e9t k\u00e9zzel ragadta meg [&hellip;]","og_url":"https:\/\/2bfree.org\/hu\/2023\/11\/amikor-megerkeztem-hollandiaba-elvettek-az-utlevelemet-es-a-telefonomat\/","og_site_name":"2bfree","article_published_time":"2023-11-08T18:22:09+00:00","article_modified_time":"2025-02-24T19:22:31+00:00","og_image":[{"width":1920,"height":1080,"url":"https:\/\/2bfree.org\/wp-content\/uploads\/2023\/11\/2bfree_header_artikel.jpg","type":"image\/jpeg"}],"author":"Sjoukje Dijkstra","twitter_card":"summary_large_image","twitter_misc":{"Szerz\u0151:":"Sjoukje Dijkstra","Becs\u00fclt olvas\u00e1si id\u0151":"4 perc"},"schema":{"@context":"https:\/\/schema.org","@graph":[{"@type":"Article","@id":"https:\/\/2bfree.org\/hu\/2023\/11\/amikor-megerkeztem-hollandiaba-elvettek-az-utlevelemet-es-a-telefonomat\/#article","isPartOf":{"@id":"https:\/\/2bfree.org\/hu\/2023\/11\/amikor-megerkeztem-hollandiaba-elvettek-az-utlevelemet-es-a-telefonomat\/"},"author":{"name":"Sjoukje Dijkstra","@id":"https:\/\/2bfree.org\/hu\/#\/schema\/person\/6d5bb8079f92915c881464ffad135fdb"},"headline":"&#8222;Amikor meg\u00e9rkeztem Hollandi\u00e1ba, elvett\u00e9k az \u00fatlevelemet \u00e9s a telefonomat&#8230;&#8221;","datePublished":"2023-11-08T18:22:09+00:00","dateModified":"2025-02-24T19:22:31+00:00","mainEntityOfPage":{"@id":"https:\/\/2bfree.org\/hu\/2023\/11\/amikor-megerkeztem-hollandiaba-elvettek-az-utlevelemet-es-a-telefonomat\/"},"wordCount":737,"publisher":{"@id":"https:\/\/2bfree.org\/hu\/#organization"},"image":{"@id":"https:\/\/2bfree.org\/hu\/2023\/11\/amikor-megerkeztem-hollandiaba-elvettek-az-utlevelemet-es-a-telefonomat\/#primaryimage"},"thumbnailUrl":"https:\/\/2bfree.org\/wp-content\/uploads\/2023\/11\/2bfree_header_artikel.jpg","keywords":["\u00e1pol\u00e1s","mened\u00e9k","s\u00fcrg\u0151ss\u00e9gi seg\u00e9ly"],"articleSection":["T\u00f6rt\u00e9netek"],"inLanguage":"hu"},{"@type":"WebPage","@id":"https:\/\/2bfree.org\/hu\/2023\/11\/amikor-megerkeztem-hollandiaba-elvettek-az-utlevelemet-es-a-telefonomat\/","url":"https:\/\/2bfree.org\/hu\/2023\/11\/amikor-megerkeztem-hollandiaba-elvettek-az-utlevelemet-es-a-telefonomat\/","name":"\"Amikor meg\u00e9rkeztem Hollandi\u00e1ba, elvett\u00e9k az \u00fatlevelemet \u00e9s a telefonomat...\" - 2bfree","isPartOf":{"@id":"https:\/\/2bfree.org\/hu\/#website"},"primaryImageOfPage":{"@id":"https:\/\/2bfree.org\/hu\/2023\/11\/amikor-megerkeztem-hollandiaba-elvettek-az-utlevelemet-es-a-telefonomat\/#primaryimage"},"image":{"@id":"https:\/\/2bfree.org\/hu\/2023\/11\/amikor-megerkeztem-hollandiaba-elvettek-az-utlevelemet-es-a-telefonomat\/#primaryimage"},"thumbnailUrl":"https:\/\/2bfree.org\/wp-content\/uploads\/2023\/11\/2bfree_header_artikel.jpg","datePublished":"2023-11-08T18:22:09+00:00","dateModified":"2025-02-24T19:22:31+00:00","breadcrumb":{"@id":"https:\/\/2bfree.org\/hu\/2023\/11\/amikor-megerkeztem-hollandiaba-elvettek-az-utlevelemet-es-a-telefonomat\/#breadcrumb"},"inLanguage":"hu","potentialAction":[{"@type":"ReadAction","target":["https:\/\/2bfree.org\/hu\/2023\/11\/amikor-megerkeztem-hollandiaba-elvettek-az-utlevelemet-es-a-telefonomat\/"]}]},{"@type":"ImageObject","inLanguage":"hu","@id":"https:\/\/2bfree.org\/hu\/2023\/11\/amikor-megerkeztem-hollandiaba-elvettek-az-utlevelemet-es-a-telefonomat\/#primaryimage","url":"https:\/\/2bfree.org\/wp-content\/uploads\/2023\/11\/2bfree_header_artikel.jpg","contentUrl":"https:\/\/2bfree.org\/wp-content\/uploads\/2023\/11\/2bfree_header_artikel.jpg","width":1920,"height":1080},{"@type":"BreadcrumbList","@id":"https:\/\/2bfree.org\/hu\/2023\/11\/amikor-megerkeztem-hollandiaba-elvettek-az-utlevelemet-es-a-telefonomat\/#breadcrumb","itemListElement":[{"@type":"ListItem","position":1,"name":"Home","item":"https:\/\/2bfree.org\/hu\/"},{"@type":"ListItem","position":2,"name":"&#8222;Amikor meg\u00e9rkeztem Hollandi\u00e1ba, elvett\u00e9k az \u00fatlevelemet \u00e9s a telefonomat&#8230;&#8221;"}]},{"@type":"WebSite","@id":"https:\/\/2bfree.org\/hu\/#website","url":"https:\/\/2bfree.org\/hu\/","name":"2bfree","description":"","publisher":{"@id":"https:\/\/2bfree.org\/hu\/#organization"},"potentialAction":[{"@type":"SearchAction","target":{"@type":"EntryPoint","urlTemplate":"https:\/\/2bfree.org\/hu\/?s={search_term_string}"},"query-input":{"@type":"PropertyValueSpecification","valueRequired":true,"valueName":"search_term_string"}}],"inLanguage":"hu"},{"@type":"Organization","@id":"https:\/\/2bfree.org\/hu\/#organization","name":"2bfree","url":"https:\/\/2bfree.org\/hu\/","logo":{"@type":"ImageObject","inLanguage":"hu","@id":"https:\/\/2bfree.org\/hu\/#\/schema\/logo\/image\/","url":"https:\/\/2bfree.org\/wp-content\/uploads\/2023\/12\/2bfree_header_mobile_Facebook_Insta_profiel.png","contentUrl":"https:\/\/2bfree.org\/wp-content\/uploads\/2023\/12\/2bfree_header_mobile_Facebook_Insta_profiel.png","width":170,"height":170,"caption":"2bfree"},"image":{"@id":"https:\/\/2bfree.org\/hu\/#\/schema\/logo\/image\/"}},{"@type":"Person","@id":"https:\/\/2bfree.org\/hu\/#\/schema\/person\/6d5bb8079f92915c881464ffad135fdb","name":"Sjoukje Dijkstra","image":{"@type":"ImageObject","inLanguage":"hu","@id":"https:\/\/secure.gravatar.com\/avatar\/6d5177df8958bcdb48f61ded21b96e4ad6696c454f1090c1ed65d998af4766fa?s=96&d=mm&r=g","url":"https:\/\/secure.gravatar.com\/avatar\/6d5177df8958bcdb48f61ded21b96e4ad6696c454f1090c1ed65d998af4766fa?s=96&d=mm&r=g","contentUrl":"https:\/\/secure.gravatar.com\/avatar\/6d5177df8958bcdb48f61ded21b96e4ad6696c454f1090c1ed65d998af4766fa?s=96&d=mm&r=g","caption":"Sjoukje Dijkstra"},"url":"https:\/\/2bfree.org\/hu\/author\/sjoukje\/"}]}},"_links":{"self":[{"href":"https:\/\/2bfree.org\/hu\/wp-json\/wp\/v2\/posts\/4931","targetHints":{"allow":["GET"]}}],"collection":[{"href":"https:\/\/2bfree.org\/hu\/wp-json\/wp\/v2\/posts"}],"about":[{"href":"https:\/\/2bfree.org\/hu\/wp-json\/wp\/v2\/types\/post"}],"author":[{"embeddable":true,"href":"https:\/\/2bfree.org\/hu\/wp-json\/wp\/v2\/users\/2"}],"replies":[{"embeddable":true,"href":"https:\/\/2bfree.org\/hu\/wp-json\/wp\/v2\/comments?post=4931"}],"version-history":[{"count":4,"href":"https:\/\/2bfree.org\/hu\/wp-json\/wp\/v2\/posts\/4931\/revisions"}],"predecessor-version":[{"id":6034,"href":"https:\/\/2bfree.org\/hu\/wp-json\/wp\/v2\/posts\/4931\/revisions\/6034"}],"wp:featuredmedia":[{"embeddable":true,"href":"https:\/\/2bfree.org\/hu\/wp-json\/wp\/v2\/media\/5987"}],"wp:attachment":[{"href":"https:\/\/2bfree.org\/hu\/wp-json\/wp\/v2\/media?parent=4931"}],"wp:term":[{"taxonomy":"category","embeddable":true,"href":"https:\/\/2bfree.org\/hu\/wp-json\/wp\/v2\/categories?post=4931"},{"taxonomy":"post_tag","embeddable":true,"href":"https:\/\/2bfree.org\/hu\/wp-json\/wp\/v2\/tags?post=4931"}],"curies":[{"name":"wp","href":"https:\/\/api.w.org\/{rel}","templated":true}]}}